[{"@context":"https:\/\/schema.org\/","@type":"Article","@id":"https:\/\/www.dilhof.sk\/zariadujte-podla-seba\/#Article","mainEntityOfPage":"https:\/\/www.dilhof.sk\/zariadujte-podla-seba\/","headline":"Zaria\u010fujte pod\u013ea seba","name":"Zaria\u010fujte pod\u013ea seba","description":"Myslela som si, \u017ee je ve\u013emi \u013eahk\u00e9 pres\u0165ahova\u0165 sa od<a href=\"https:\/\/www.dilhof.sk\/zariadujte-podla-seba\/\">Pre\u010d\u00edta\u0165<i class=\"fa fa-long-arrow-right\" aria-hidden=\"true\"><\/i><\/a>","datePublished":"2017-12-24","dateModified":"2023-04-27","author":{"@type":"Person","@id":"https:\/\/www.dilhof.sk\/author\/#Person","name":"","url":"https:\/\/www.dilhof.sk\/author\/","identifier":1,"image":{"@type":"ImageObject","@id":"https:\/\/secure.gravatar.com\/avatar\/86b519ae28c05e7834416117bec12e679aa78b8940db1f26d4a52ad5648f8c3a?s=96&d=mm&r=g","url":"https:\/\/secure.gravatar.com\/avatar\/86b519ae28c05e7834416117bec12e679aa78b8940db1f26d4a52ad5648f8c3a?s=96&d=mm&r=g","height":96,"width":96}},"publisher":{"@type":"Organization","name":"dilhof.sk","logo":{"@type":"ImageObject","@id":"\/logo.png","url":"\/logo.png","width":600,"height":60}},"image":{"@type":"ImageObject","@id":"https:\/\/www.dilhof.sk\/wp-content\/uploads\/img_a284411_w16509_t1516018712.jpg","url":"https:\/\/www.dilhof.sk\/wp-content\/uploads\/img_a284411_w16509_t1516018712.jpg","height":0,"width":0},"url":"https:\/\/www.dilhof.sk\/zariadujte-podla-seba\/","about":["Deti"],"wordCount":409,"articleBody":"         Myslela som si, \u017ee je ve\u013emi \u013eahk\u00e9 pres\u0165ahova\u0165 sa od rodi\u010dov a za\u010da\u0165 \u017ei\u0165 svoj vlastn\u00fd \u017eivot. To si asi mysl\u00ed ka\u017ed\u00fd dvadsa\u0165ro\u010dn\u00fd \u010dlovek, ktor\u00fd sa nevie do\u010dka\u0165 d\u0148a, kedy kone\u010dne z domu vypadne. Ale v\u00e4\u010d\u0161ina z n\u00e1s hne\u010f po tom zist\u00ed, \u017ee to v\u00f4bec nie je jednoduch\u00e9. Je to komplikovan\u00e9, je to \u0165a\u017ek\u00e9 a pokia\u013e sa chyst\u00e1te b\u00fdva\u0165 sami a nie s partnerom, budete sa dos\u0165 \u010dasto c\u00edti\u0165 ve\u013emi osamelo. Ja som mala \u0161\u0165astie, preto\u017ee som i\u0161la b\u00fdva\u0165 s priate\u013eom, tak\u017ee sme sa spolo\u010dn\u00e9ho \u017eivota nevedeli do\u010dka\u0165. Osobne som sa te\u0161ila, https:\/\/mamaaja.sk\/clanky\/mama\/fejton-ako-som-sa-tesila-na-gynekologiu  \u017ee si zariadime cel\u00fd, by\u0165 pod\u013ea seba a nebudeme si necha\u0165 od nikoho keca\u0165. Keby som bola vedela, ako ve\u013emi som sa vtedy m\u00fdlila. M\u00fadri boli toti\u017eto pri prer\u00e1ban\u00ed a pri kupovan\u00ed vec\u00ed \u00faplne v\u0161etci. Od priate\u013eovej mamy, cez m\u00f4jho otca, a\u017e po jeho brata. Myslela som si, \u017ee to vydr\u017e\u00edm, ale jedin\u00e9, \u010do sa vo mne dialo bolo, \u017ee to vo me ka\u017ed\u00fd jeden de\u0148 vrelo a kypelo. Bola som tak\u00e1 nahnevan\u00e1, \u017ee som jedn\u00e9ho d\u0148a vybuchla, pr\u00e1ve pred priate\u013eovou mamou a povedala som jej, \u017ee si budeme \u017ei\u0165 ako chceme a \u017ee sa m\u00e1 stara\u0165 o svoju dom\u00e1cnos\u0165. Vedela som, \u017ee som to prehnala, bolo to v\u0161ak jedin\u00e9 mo\u017en\u00e9 rie\u0161enie, ako si, by\u0165 zariadi\u0165 pod\u013ea seba.Chcela som ma\u0165 v\u0161etko modern\u00e9 a v\u0161etko nov\u00e9 alebo aby to aspo\u0148 tak vyzeralo. Nechcela som pohovku po starej mame a ani hrnce po prastarkej. Ke\u010f to raz niekto nevedel pochopi\u0165, nebola to moja chyba. Ja som chcela minimalizmus, \u010dist\u00e9 farby, t\u00f3n v t\u00f3ne a led osvetlenie. Mysl\u00edm si, \u017ee som zase nebola a\u017e tak\u00e1 n\u00e1ro\u010dn\u00e1 a v kone\u010dnom d\u00f4sledku n\u00e1\u0161 byt vyzeral skuto\u010dne \u00fa\u017easne, \u010do potom ocenila aj priate\u013eova mama. Asi mo\u017eno bolo nakoniec dobr\u00e9, \u017ee som sa jej postavila a \u017ee som jej uk\u00e1zala, \u017ee m\u00e1m vlastn\u00fa hlavu. Inak by ma n\u00fatila, aby bolo v\u0161etko pod\u013ea nej asi a\u017e doteraz. Ka\u017ed\u00fd ale m\u00e1 svoju predstavu o svojom b\u00fdvan\u00ed a o svojom vlastnom \u017eivote. A mali by sme si ho \u017ei\u0165 pod\u013ea seba.                                                                                                                                                                                                                                                                                                                                                                                          4.1\/5 - (16 votes)        "},{"@context":"https:\/\/schema.org\/","@type":"BreadcrumbList","itemListElement":[{"@type":"ListItem","position":1,"name":"Zaria\u010fujte pod\u013ea seba","item":"https:\/\/www.dilhof.sk\/zariadujte-podla-seba\/#breadcrumbitem"}]}]