[{"@context":"https:\/\/schema.org\/","@type":"Article","@id":"https:\/\/www.dilhof.sk\/vytvorte-si-miesto-z-ktoreho-sa-vam-nebude-chciet-odist\/#Article","mainEntityOfPage":"https:\/\/www.dilhof.sk\/vytvorte-si-miesto-z-ktoreho-sa-vam-nebude-chciet-odist\/","headline":"Vytvorte si miesto, z ktor\u00e9ho sa V\u00e1m nebude chcie\u0165 od\u00eds\u0165","name":"Vytvorte si miesto, z ktor\u00e9ho sa V\u00e1m nebude chcie\u0165 od\u00eds\u0165","description":"Ob\u00fdva\u010dka je zv\u00e4\u010d\u0161a pre n\u00e1s t\u00e1 \u201ehlavn\u00e1 spolo\u010densk\u00e1 miestnos\u0165\u201c, kde<a href=\"https:\/\/www.dilhof.sk\/vytvorte-si-miesto-z-ktoreho-sa-vam-nebude-chciet-odist\/\">Pre\u010d\u00edta\u0165<i class=\"fa fa-long-arrow-right\" aria-hidden=\"true\"><\/i><\/a>","datePublished":"2021-09-14","dateModified":"2023-04-27","author":{"@type":"Person","@id":"https:\/\/www.dilhof.sk\/author\/#Person","name":"","url":"https:\/\/www.dilhof.sk\/author\/","identifier":1,"image":{"@type":"ImageObject","@id":"https:\/\/secure.gravatar.com\/avatar\/86b519ae28c05e7834416117bec12e679aa78b8940db1f26d4a52ad5648f8c3a?s=96&d=mm&r=g","url":"https:\/\/secure.gravatar.com\/avatar\/86b519ae28c05e7834416117bec12e679aa78b8940db1f26d4a52ad5648f8c3a?s=96&d=mm&r=g","height":96,"width":96}},"publisher":{"@type":"Organization","name":"dilhof.sk","logo":{"@type":"ImageObject","@id":"\/logo.png","url":"\/logo.png","width":600,"height":60}},"image":{"@type":"ImageObject","@id":"https:\/\/www.dilhof.sk\/wp-content\/uploads\/living-room-2569325_960_720.jpg","url":"https:\/\/www.dilhof.sk\/wp-content\/uploads\/living-room-2569325_960_720.jpg","height":0,"width":0},"url":"https:\/\/www.dilhof.sk\/vytvorte-si-miesto-z-ktoreho-sa-vam-nebude-chciet-odist\/","about":["Produkty"],"wordCount":400,"articleBody":"   Ob\u00fdva\u010dka je zv\u00e4\u010d\u0161a pre n\u00e1s t\u00e1 \u201ehlavn\u00e1 spolo\u010densk\u00e1 miestnos\u0165\u201c, kde sa chceme c\u00edti\u0165 dobre, kde si chceme po n\u00e1ro\u010dnom dni dobre odd\u00fdchnu\u0165, posedie\u0165, zrelaxova\u0165 a vypn\u00fa\u0165 od zhonu. Hlavne p\u00e1ni o tom ur\u010dite vedia svoje, pr\u00e1ve oni pova\u017euj\u00fa t\u00fato miestnos\u0165 za svoju o\u00e1zu pokoja, preto vedia ve\u013emi dobre oceni\u0165 kvalitn\u00fa pohodln\u00fa seda\u010dku, gau\u010d alebo pohovku. D\u00e1my dbaj\u00fa okrem pohodlnosti a funk\u010dnosti aj na estetick\u00fa funkciu, nako\u013eko pr\u00e1ve seda\u010dka v ob\u00fdva\u010dke je t\u00fdm hlavn\u00fdm priestorom \u010di u\u017e pre rodinu alebo pre n\u00e1v\u0161tevy a je pre nich preto d\u00f4le\u017eit\u00e9, aby ich ob\u00fdva\u010dka lahodila poh\u013eadu. No takisto aj deti\u010dky k tomu maj\u00fa \u010do poveda\u0165, ke\u010f\u017ee tam tr\u00e1via ve\u013ea \u010dasu pri rozpr\u00e1vkach, kreslen\u00ed alebo ja\u0161en\u00ed sa. Posedie\u0165 si pri k\u00e1ve s priate\u013emi, alebo len oddychova\u0165 pri telev\u00edzore \u010di pri \u010d\u00edtan\u00ed knihy &#8211; kvalitn\u00e1 dizajnov\u00e1 seda\u010dka je toho z\u00e1kladom, bez ktor\u00e9ho sa nezaob\u00eddeme. Ka\u017ed\u00fd z n\u00e1s ma in\u00fd vkus, ka\u017ed\u00e9mu vyhovuje in\u00fd typ a ka\u017ed\u00fd z n\u00e1s m\u00e1 in\u00fa predstavu o tom ako by mal tak\u00fdto kus n\u00e1bytku vyzera\u0165. V na\u0161ej \u0161irokej ponuke m\u00f4\u017eete n\u00e1js\u0165 dizajnov\u00e9 seda\u010dky, gau\u010de alebo pohovky r\u00f4znych \u0161t\u00fdlov a materi\u00e1lov, farieb a ve\u013ekost\u00ed, od l\u00e1tkov\u00fdch cez ko\u017een\u00e9, rohov\u00e9, rozkladacie s \u00falo\u017en\u00fdmi priestormi alebo rozkladacie s mo\u017enos\u0165ou \u010fal\u0161\u00edch miest na spanie, s vank\u00fa\u0161mi, bez nich, mo\u017enost\u00ed je ve\u013ea. D\u00f4le\u017eit\u00fdm faktorom pri v\u00fdbere je dba\u0165 na to, aby si seda\u010dka &#8222;sadla&#8220; k ostatn\u00e9mu n\u00e1bytku okolo, aby ladili \u010di u\u017e farebne alebo \u0161t\u00fdlovo. Nech je ten V\u00e1\u0161 \u0161t\u00fdl ak\u00fdko\u013evek, v na\u0161ej predajni ALBERO si budete vedie\u0165 bez probl\u00e9mov vybra\u0165, na\u0161a \u0161irok\u00e1 ponuka kvalitn\u00fdch dizajnov\u00fdch seda\u010diek V\u00e1s o tom presved\u010d\u00ed, sta\u010d\u00ed n\u00e1s len nav\u0161t\u00edvi\u0165. A ak by ste sa n\u00e1hodou aj nevedeli rozhodn\u00fa\u0165, na\u0161i \u0161pecialisti V\u00e1m ochotne poradia tak, aby ste odch\u00e1dzali spokojn\u00ed s \u00fasmevom na tv\u00e1ri a nevedeli sa do\u010dka\u0165, kedy sa pohodlne usad\u00edte vo Va\u0161ej vynovenej ob\u00fdva\u010dke.                                                                                                                                                                                                                                                                                                                                                                                          4.5\/5 - (8 votes)        "},{"@context":"https:\/\/schema.org\/","@type":"BreadcrumbList","itemListElement":[{"@type":"ListItem","position":1,"name":"Vytvorte si miesto, z ktor\u00e9ho sa V\u00e1m nebude chcie\u0165 od\u00eds\u0165","item":"https:\/\/www.dilhof.sk\/vytvorte-si-miesto-z-ktoreho-sa-vam-nebude-chciet-odist\/#breadcrumbitem"}]}]